
{"id":5702,"date":"2022-02-10T12:37:13","date_gmt":"2022-02-10T11:37:13","guid":{"rendered":"https:\/\/www.ortopediamimas.com\/blog-de-ortopedia\/?p=5702"},"modified":"2023-03-03T12:58:54","modified_gmt":"2023-03-03T11:58:54","slug":"dia-internacional-del-cancer-infantil","status":"publish","type":"post","link":"https:\/\/www.ortopediamimas.com\/blog-de-ortopedia\/dia-internacional-del-cancer-infantil\/","title":{"rendered":"15 de febrero, D\u00eda Internacional del C\u00e1ncer Infantil"},"content":{"rendered":"\n<p>Un 15 de febrero m\u00e1s, queremos informar y visibilizar sobre una enfermedad que nos afecta a todos, directa o indirectamente, en alg\u00fan momento de nuestras vidas.<\/p>\n\n\n\n<p>M\u00e1s especialmente, en el d\u00eda de hoy, celebramos el D\u00eda Internacional del C\u00e1ncer Infantil.<\/p>\n\n\n\n<p>El objetivo que persigue este d\u00eda es concienciar y sensibilizar sobre el proceso por el que deben pasar ni\u00f1os y adolescentes, as\u00ed como prevenir a trav\u00e9s de la informaci\u00f3n y de la formaci\u00f3n.<\/p>\n\n\n\n<figure class=\"wp-block-image size-full\"><img decoding=\"async\" width=\"730\" height=\"276\" data-src=\"https:\/\/www.ortopediamimas.com\/blog-de-ortopedia\/wp-content\/uploads\/2022\/02\/post-cancer-infantil-1.jpg\" alt=\"lazo cancer infantil\" class=\"wp-image-5703 lazyload\" data-srcset=\"https:\/\/www.ortopediamimas.com\/blog-de-ortopedia\/wp-content\/uploads\/2022\/02\/post-cancer-infantil-1.jpg 730w, https:\/\/www.ortopediamimas.com\/blog-de-ortopedia\/wp-content\/uploads\/2022\/02\/post-cancer-infantil-1-300x113.jpg 300w, https:\/\/www.ortopediamimas.com\/blog-de-ortopedia\/wp-content\/uploads\/2022\/02\/post-cancer-infantil-1-370x140.jpg 370w\" data-sizes=\"(max-width: 730px) 100vw, 730px\" src=\"data:image\/svg+xml;base64,PHN2ZyB3aWR0aD0iMSIgaGVpZ2h0PSIxIiB4bWxucz0iaHR0cDovL3d3dy53My5vcmcvMjAwMC9zdmciPjwvc3ZnPg==\" style=\"--smush-placeholder-width: 730px; --smush-placeholder-aspect-ratio: 730\/276;\" \/><\/figure>\n\n\n\n<p>  <\/p>\n\n\n\n\n\n\n\n<h2 class=\"wp-block-heading\">\u00bfCu\u00e1l es el origen del c\u00e1ncer infantil?<\/h2>\n\n\n\n<p>Comenzaremos explicando qu\u00e9 es el c\u00e1ncer. Se trata de una <strong>enfermedad grave que afecta a la poblaci\u00f3n a nivel global.<\/strong><\/p>\n\n\n\n<p>Se describe como una anomal\u00eda producida en las c\u00e9lulas del cuerpo, que, de manera natural, se multiplican para crear otras nuevas e ir generando tejido joven y sano.<\/p>\n\n\n\n<p>Hay ocasiones en las que este proceso se altera y las c\u00e9lulas se multiplican sin control, apareciendo tumores que en muchos casos pueden llegar a ser malignos.<\/p>\n\n\n\n<p>Aunque el c\u00e1ncer suele asociarse a la edad, en un porcentaje relativamente bajo, esta enfermedad tambi\u00e9n ataca a los m\u00e1s peque\u00f1os.<\/p>\n\n\n\n<p>El origen es muy variado, en el caso del c\u00e1ncer infantil puede desarrollarse por predisposici\u00f3n gen\u00e9tica, factores ambientales, h\u00e1bitos alimenticios o infecciones v\u00edricas.<\/p>\n\n\n\n<h2 class=\"wp-block-heading\">Situaci\u00f3n actual de esta enfermedad en el mundo<\/h2>\n\n\n\n<p>Atendiendo a la <strong>actualidad del c\u00e1ncer infantil en Espa\u00f1a<\/strong>, cada d\u00eda muere un ni\u00f1o o adolescente por esta anomal\u00eda celular.<\/p>\n\n\n\n<p>Pese a que la cifra tanto de detecci\u00f3n precoz de c\u00e1ncer infantil, como el n\u00famero de peque\u00f1os que superan esta enfermedad son cada vez mayores, se sigue tratando de la primera causa de muerte por enfermedad en la infancia y adolescencia.<\/p>\n\n\n\n<p>Alrededor de 1.100 ni\u00f1os enferman de c\u00e1ncer cada a\u00f1o en Espa\u00f1a, siendo los m\u00e1s frecuentes la leucemia, el c\u00e1ncer de linfomas o el c\u00e1ncer del sistema nervioso central.<\/p>\n\n\n\n<p>En el mundo, <strong>cada a\u00f1o m\u00e1s de 250.000 ni\u00f1os reciben diagn\u00f3stico de c\u00e1ncer<\/strong>, siendo los pa\u00edses subdesarrollados donde se localiza el 80% de los casos.<\/p>\n\n\n\n<h3 class=\"wp-block-heading\">Avances m\u00e9dicos destacados y evoluciones positivas en este campo<\/h3>\n\n\n\n<p>La ciencia, en combinaci\u00f3n con los avances m\u00e9dicos, nos conf\u00eda <strong>un<\/strong> <strong>futuro prometedor en este d\u00eda<\/strong> contra el c\u00e1ncer infantil.<\/p>\n\n\n\n<p>Una de las caracter\u00edsticas del c\u00e1ncer infantil es que, aun siendo una enfermedad muy grave, <strong>las posibilidades de superarla son mucho mayores<\/strong> en ni\u00f1os que en adultos.<\/p>\n\n\n\n<p>Muchos de los avances actuales se centran en la detecci\u00f3n precoz con m\u00e9todos no invasivos para el cuerpo o en la b\u00fasqueda de respuestas positivas ante los tratamientos aplicados.<\/p>\n\n\n\n<p>Tambi\u00e9n colocan su centro en la aplicaci\u00f3n de nuevas t\u00e9cnicas de radioterapia, en la implantaci\u00f3n de la inmunoterapia y en buscar tratamientos espec\u00edficos para cada tipo concreto de c\u00e1ncer.<\/p>\n\n\n\n<p>La curaci\u00f3n sin dolor y sin toxicidad es uno de los puntos clave sobre los que rondan las investigaciones y los estudios.<\/p>\n\n\n\n<p><strong>Alrededor del 80% de los tumores infantiles se curan<\/strong>, por lo que se busca aportar la mayor calidad de vida a los ni\u00f1os y adolescentes y, disminuir la parte negativa que puedan llegar a vivir.<\/p>\n\n\n\n<figure class=\"wp-block-image size-full\"><img decoding=\"async\" width=\"730\" height=\"276\" data-src=\"https:\/\/www.ortopediamimas.com\/blog-de-ortopedia\/wp-content\/uploads\/2022\/02\/post-cancer-infantil-2.jpg\" alt=\"dia internacional del cancer infantil\" class=\"wp-image-5704 lazyload\" data-srcset=\"https:\/\/www.ortopediamimas.com\/blog-de-ortopedia\/wp-content\/uploads\/2022\/02\/post-cancer-infantil-2.jpg 730w, https:\/\/www.ortopediamimas.com\/blog-de-ortopedia\/wp-content\/uploads\/2022\/02\/post-cancer-infantil-2-300x113.jpg 300w, https:\/\/www.ortopediamimas.com\/blog-de-ortopedia\/wp-content\/uploads\/2022\/02\/post-cancer-infantil-2-370x140.jpg 370w\" data-sizes=\"(max-width: 730px) 100vw, 730px\" src=\"data:image\/svg+xml;base64,PHN2ZyB3aWR0aD0iMSIgaGVpZ2h0PSIxIiB4bWxucz0iaHR0cDovL3d3dy53My5vcmcvMjAwMC9zdmciPjwvc3ZnPg==\" style=\"--smush-placeholder-width: 730px; --smush-placeholder-aspect-ratio: 730\/276;\" \/><\/figure>\n\n\n\n<h2 class=\"wp-block-heading\">Asociaciones clave en la lucha contra el c\u00e1ncer infantil<\/h2>\n\n\n\n<p>El c\u00e1ncer no conoce fronteras y, afortunadamente, es muy <strong>larga la lista de las asociaciones c\u00e1ncer infantil sin \u00e1nimo de lucro<\/strong> existentes en el mundo entero.<\/p>\n\n\n\n<p>Una de las m\u00e1s prestigiosas es la <a href=\"https:\/\/www.contraelcancer.es\/es\" target=\"_blank\" rel=\"noreferrer noopener nofollow\">Asociaci\u00f3n Espa\u00f1ola Contra el C\u00e1ncer<\/a> (AECC), experta en tratar con esta patolog\u00eda y dispuesta a colaborar al servicio de la ciencia.<\/p>\n\n\n\n<p>Entre las que m\u00e1s peso tienen encontramos <a href=\"https:\/\/criscancer.org\/es\/\" target=\"_blank\" rel=\"noreferrer noopener nofollow\">Cris Contra el C\u00e1ncer<\/a>, fundaci\u00f3n contra el c\u00e1ncer infantil con m\u00e1s de 10 a\u00f1os de vida, <s>y<\/s> que lucha para impulsar la investigaci\u00f3n dotando de recursos a la comunidad cient\u00edfica.<\/p>\n\n\n\n<p>Una instituci\u00f3n contra el c\u00e1ncer tambi\u00e9n muy destacable es la <a href=\"https:\/\/www.fcarreras.org\/es\" target=\"_blank\" rel=\"noreferrer noopener nofollow\">Fundaci\u00f3n Josep Carreras<\/a>, especializada en la lucha contra la leucemia en todas sus variantes.<\/p>\n\n\n\n<p>Otras fundaciones contra el c\u00e1ncer infantil que merecen la misma importancia son la Federaci\u00f3n de Padres con Ni\u00f1os de C\u00e1ncer o la Fundaci\u00f3n Neuroblastoma.<\/p>\n\n\n\n<p>Tambi\u00e9n igual de rese\u00f1ables son la Fundaci\u00f3n Aladina, El Sue\u00f1o de Vicky o Uno Entre Cien Mil, entre muchas m\u00e1s.<\/p>\n\n\n\n<p>En Ortopedia Mimas tenemos una secci\u00f3n especializada en <a href=\"https:\/\/www.ortopediamimas.com\/ortopedia-infantil.html\" target=\"_blank\" rel=\"noreferrer noopener\">ortopedia infantil<\/a>, donde podr\u00e1s encontrar ayudas t\u00e9cnicas y productos que pueden ayudarte.<\/p>\n\n\n\n<p>Adem\u00e1s, puedes contactarnos para solventar cualquier duda y asesorarte sobre nuestros art\u00edculos.<\/p>\n","protected":false},"excerpt":{"rendered":"<p>Un 15 de febrero m\u00e1s, queremos informar y visibilizar sobre una enfermedad que nos afecta a todos, directa o indirectamente, en alg\u00fan momento de nuestras vidas. M\u00e1s especialmente, en el d\u00eda de hoy, celebramos el D\u00eda Internacional del C\u00e1ncer Infantil. El objetivo que persigue este d\u00eda es concienciar y sensibilizar sobre el proceso por el que deben pasar ni\u00f1os y&hellip;<\/p>\n","protected":false},"author":26,"featured_media":5705,"comment_status":"open","ping_status":"open","sticky":false,"template":"","format":"standard","meta":{"om_disable_all_campaigns":false,"footnotes":""},"categories":[64],"tags":[],"ppma_author":[661],"class_list":["post-5702","post","type-post","status-publish","format-standard","has-post-thumbnail","hentry","category-ortopedia-online-blog"],"yoast_head":"<!-- This site is optimized with the Yoast SEO plugin v27.4 - https:\/\/yoast.com\/product\/yoast-seo-wordpress\/ -->\n<title>15 de febrero, D\u00eda Internacional del C\u00e1ncer Infantil - Blog de Ortopedia Mimas<\/title>\n<meta name=\"description\" content=\"En Este D\u00eda Internacional Del C\u00e1ncer Infantil Queremos Informar Y Visibilizar Sobre Una Enfermedad Que Nos Afecta A Todos.\" \/>\n<meta name=\"robots\" content=\"index, follow, max-snippet:-1, max-image-preview:large, max-video-preview:-1\" \/>\n<link rel=\"canonical\" href=\"https:\/\/www.ortopediamimas.com\/blog-de-ortopedia\/dia-internacional-del-cancer-infantil\/\" \/>\n<meta property=\"og:locale\" content=\"es_ES\" \/>\n<meta property=\"og:type\" content=\"article\" \/>\n<meta property=\"og:title\" content=\"15 de febrero, D\u00eda Internacional del C\u00e1ncer Infantil - Blog de Ortopedia Mimas\" \/>\n<meta property=\"og:description\" content=\"En Este D\u00eda Internacional Del C\u00e1ncer Infantil Queremos Informar Y Visibilizar Sobre Una Enfermedad Que Nos Afecta A Todos.\" \/>\n<meta property=\"og:url\" content=\"https:\/\/www.ortopediamimas.com\/blog-de-ortopedia\/dia-internacional-del-cancer-infantil\/\" \/>\n<meta property=\"og:site_name\" content=\"Blog de Ortopedia Mimas\" \/>\n<meta property=\"article:publisher\" content=\"https:\/\/www.facebook.com\/ortopediamimas\" \/>\n<meta property=\"article:published_time\" content=\"2022-02-10T11:37:13+00:00\" \/>\n<meta property=\"article:modified_time\" content=\"2023-03-03T11:58:54+00:00\" \/>\n<meta property=\"og:image\" content=\"https:\/\/www.ortopediamimas.com\/blog-de-ortopedia\/wp-content\/uploads\/2022\/02\/portada-post-cancer-infantil.jpg\" \/>\n\t<meta property=\"og:image:width\" content=\"730\" \/>\n\t<meta property=\"og:image:height\" content=\"375\" \/>\n\t<meta property=\"og:image:type\" content=\"image\/jpeg\" \/>\n<meta name=\"author\" content=\"Cristina Oliva\" \/>\n<meta name=\"twitter:card\" content=\"summary_large_image\" \/>\n<meta name=\"twitter:creator\" content=\"@ortopediamimas\" \/>\n<meta name=\"twitter:site\" content=\"@ortopediamimas\" \/>\n<meta name=\"twitter:label1\" content=\"Escrito por\" \/>\n\t<meta name=\"twitter:data1\" content=\"Cristina Oliva\" \/>\n\t<meta name=\"twitter:label2\" content=\"Tiempo de lectura\" \/>\n\t<meta name=\"twitter:data2\" content=\"4 minutos\" \/>\n<script type=\"application\/ld+json\" class=\"yoast-schema-graph\">{\"@context\":\"https:\\\/\\\/schema.org\",\"@graph\":[{\"@type\":\"Article\",\"@id\":\"https:\\\/\\\/www.ortopediamimas.com\\\/blog-de-ortopedia\\\/dia-internacional-del-cancer-infantil\\\/#article\",\"isPartOf\":{\"@id\":\"https:\\\/\\\/www.ortopediamimas.com\\\/blog-de-ortopedia\\\/dia-internacional-del-cancer-infantil\\\/\"},\"author\":{\"name\":\"Cristina Oliva\",\"@id\":\"https:\\\/\\\/www.ortopediamimas.com\\\/blog-de-ortopedia\\\/#\\\/schema\\\/person\\\/4c3e1a1b9ea6c76a0fd18da2be991300\"},\"headline\":\"15 de febrero, D\u00eda Internacional del C\u00e1ncer Infantil\",\"datePublished\":\"2022-02-10T11:37:13+00:00\",\"dateModified\":\"2023-03-03T11:58:54+00:00\",\"mainEntityOfPage\":{\"@id\":\"https:\\\/\\\/www.ortopediamimas.com\\\/blog-de-ortopedia\\\/dia-internacional-del-cancer-infantil\\\/\"},\"wordCount\":801,\"commentCount\":0,\"publisher\":{\"@id\":\"https:\\\/\\\/www.ortopediamimas.com\\\/blog-de-ortopedia\\\/#organization\"},\"image\":{\"@id\":\"https:\\\/\\\/www.ortopediamimas.com\\\/blog-de-ortopedia\\\/dia-internacional-del-cancer-infantil\\\/#primaryimage\"},\"thumbnailUrl\":\"https:\\\/\\\/www.ortopediamimas.com\\\/blog-de-ortopedia\\\/wp-content\\\/uploads\\\/2022\\\/02\\\/portada-post-cancer-infantil.jpg\",\"articleSection\":[\"Ortopedia Online\"],\"inLanguage\":\"es\",\"potentialAction\":[{\"@type\":\"CommentAction\",\"name\":\"Comment\",\"target\":[\"https:\\\/\\\/www.ortopediamimas.com\\\/blog-de-ortopedia\\\/dia-internacional-del-cancer-infantil\\\/#respond\"]}]},{\"@type\":\"WebPage\",\"@id\":\"https:\\\/\\\/www.ortopediamimas.com\\\/blog-de-ortopedia\\\/dia-internacional-del-cancer-infantil\\\/\",\"url\":\"https:\\\/\\\/www.ortopediamimas.com\\\/blog-de-ortopedia\\\/dia-internacional-del-cancer-infantil\\\/\",\"name\":\"15 de febrero, D\u00eda Internacional del C\u00e1ncer Infantil - Blog de Ortopedia Mimas\",\"isPartOf\":{\"@id\":\"https:\\\/\\\/www.ortopediamimas.com\\\/blog-de-ortopedia\\\/#website\"},\"primaryImageOfPage\":{\"@id\":\"https:\\\/\\\/www.ortopediamimas.com\\\/blog-de-ortopedia\\\/dia-internacional-del-cancer-infantil\\\/#primaryimage\"},\"image\":{\"@id\":\"https:\\\/\\\/www.ortopediamimas.com\\\/blog-de-ortopedia\\\/dia-internacional-del-cancer-infantil\\\/#primaryimage\"},\"thumbnailUrl\":\"https:\\\/\\\/www.ortopediamimas.com\\\/blog-de-ortopedia\\\/wp-content\\\/uploads\\\/2022\\\/02\\\/portada-post-cancer-infantil.jpg\",\"datePublished\":\"2022-02-10T11:37:13+00:00\",\"dateModified\":\"2023-03-03T11:58:54+00:00\",\"description\":\"En Este D\u00eda Internacional Del C\u00e1ncer Infantil Queremos Informar Y Visibilizar Sobre Una Enfermedad Que Nos Afecta A Todos.\",\"breadcrumb\":{\"@id\":\"https:\\\/\\\/www.ortopediamimas.com\\\/blog-de-ortopedia\\\/dia-internacional-del-cancer-infantil\\\/#breadcrumb\"},\"inLanguage\":\"es\",\"potentialAction\":[{\"@type\":\"ReadAction\",\"target\":[\"https:\\\/\\\/www.ortopediamimas.com\\\/blog-de-ortopedia\\\/dia-internacional-del-cancer-infantil\\\/\"]}]},{\"@type\":\"ImageObject\",\"inLanguage\":\"es\",\"@id\":\"https:\\\/\\\/www.ortopediamimas.com\\\/blog-de-ortopedia\\\/dia-internacional-del-cancer-infantil\\\/#primaryimage\",\"url\":\"https:\\\/\\\/www.ortopediamimas.com\\\/blog-de-ortopedia\\\/wp-content\\\/uploads\\\/2022\\\/02\\\/portada-post-cancer-infantil.jpg\",\"contentUrl\":\"https:\\\/\\\/www.ortopediamimas.com\\\/blog-de-ortopedia\\\/wp-content\\\/uploads\\\/2022\\\/02\\\/portada-post-cancer-infantil.jpg\",\"width\":730,\"height\":375,\"caption\":\"D\u00eda Internacional Del C\u00e1ncer Infantil\"},{\"@type\":\"BreadcrumbList\",\"@id\":\"https:\\\/\\\/www.ortopediamimas.com\\\/blog-de-ortopedia\\\/dia-internacional-del-cancer-infantil\\\/#breadcrumb\",\"itemListElement\":[{\"@type\":\"ListItem\",\"position\":1,\"name\":\"Blog de Ortopedia Mimas\",\"item\":\"https:\\\/\\\/www.ortopediamimas.com\\\/blog-de-ortopedia\\\/\"},{\"@type\":\"ListItem\",\"position\":2,\"name\":\"15 de febrero, D\u00eda Internacional del C\u00e1ncer Infantil\"}]},{\"@type\":\"WebSite\",\"@id\":\"https:\\\/\\\/www.ortopediamimas.com\\\/blog-de-ortopedia\\\/#website\",\"url\":\"https:\\\/\\\/www.ortopediamimas.com\\\/blog-de-ortopedia\\\/\",\"name\":\"Blog de Ortopedia Mimas\",\"description\":\"En blog de nuestra ortopedia online intentaremos ayudar en todo lo relacionado con nuestro productos y sus usos\",\"publisher\":{\"@id\":\"https:\\\/\\\/www.ortopediamimas.com\\\/blog-de-ortopedia\\\/#organization\"},\"potentialAction\":[{\"@type\":\"SearchAction\",\"target\":{\"@type\":\"EntryPoint\",\"urlTemplate\":\"https:\\\/\\\/www.ortopediamimas.com\\\/blog-de-ortopedia\\\/?s={search_term_string}\"},\"query-input\":{\"@type\":\"PropertyValueSpecification\",\"valueRequired\":true,\"valueName\":\"search_term_string\"}}],\"inLanguage\":\"es\"},{\"@type\":\"Organization\",\"@id\":\"https:\\\/\\\/www.ortopediamimas.com\\\/blog-de-ortopedia\\\/#organization\",\"name\":\"OrtopediaMimas\",\"url\":\"https:\\\/\\\/www.ortopediamimas.com\\\/blog-de-ortopedia\\\/\",\"logo\":{\"@type\":\"ImageObject\",\"inLanguage\":\"es\",\"@id\":\"https:\\\/\\\/www.ortopediamimas.com\\\/blog-de-ortopedia\\\/#\\\/schema\\\/logo\\\/image\\\/\",\"url\":\"https:\\\/\\\/www.ortopediamimas.com\\\/blog-de-ortopedia\\\/wp-content\\\/uploads\\\/2019\\\/07\\\/logo-vertical-1.png\",\"contentUrl\":\"https:\\\/\\\/www.ortopediamimas.com\\\/blog-de-ortopedia\\\/wp-content\\\/uploads\\\/2019\\\/07\\\/logo-vertical-1.png\",\"width\":500,\"height\":500,\"caption\":\"OrtopediaMimas\"},\"image\":{\"@id\":\"https:\\\/\\\/www.ortopediamimas.com\\\/blog-de-ortopedia\\\/#\\\/schema\\\/logo\\\/image\\\/\"},\"sameAs\":[\"https:\\\/\\\/www.facebook.com\\\/ortopediamimas\",\"https:\\\/\\\/x.com\\\/ortopediamimas\",\"https:\\\/\\\/www.instagram.com\\\/ortopediamimas\\\/?hl=es\",\"https:\\\/\\\/www.pinterest.es\\\/grupomimas\\\/\",\"https:\\\/\\\/www.youtube.com\\\/user\\\/Ortopediamimas\"]},{\"@type\":\"Person\",\"@id\":\"https:\\\/\\\/www.ortopediamimas.com\\\/blog-de-ortopedia\\\/#\\\/schema\\\/person\\\/4c3e1a1b9ea6c76a0fd18da2be991300\",\"name\":\"Cristina Oliva\",\"description\":\"Redactora de contenidos especializada en bienestar y ortopedia con 7 a\u00f1os de experiencia en el sector.\",\"sameAs\":[\"https:\\\/\\\/www.ortopediamimas.com\"]}]}<\/script>\n<!-- \/ Yoast SEO plugin. -->","yoast_head_json":{"title":"15 de febrero, D\u00eda Internacional del C\u00e1ncer Infantil - Blog de Ortopedia Mimas","description":"En Este D\u00eda Internacional Del C\u00e1ncer Infantil Queremos Informar Y Visibilizar Sobre Una Enfermedad Que Nos Afecta A Todos.","robots":{"index":"index","follow":"follow","max-snippet":"max-snippet:-1","max-image-preview":"max-image-preview:large","max-video-preview":"max-video-preview:-1"},"canonical":"https:\/\/www.ortopediamimas.com\/blog-de-ortopedia\/dia-internacional-del-cancer-infantil\/","og_locale":"es_ES","og_type":"article","og_title":"15 de febrero, D\u00eda Internacional del C\u00e1ncer Infantil - Blog de Ortopedia Mimas","og_description":"En Este D\u00eda Internacional Del C\u00e1ncer Infantil Queremos Informar Y Visibilizar Sobre Una Enfermedad Que Nos Afecta A Todos.","og_url":"https:\/\/www.ortopediamimas.com\/blog-de-ortopedia\/dia-internacional-del-cancer-infantil\/","og_site_name":"Blog de Ortopedia Mimas","article_publisher":"https:\/\/www.facebook.com\/ortopediamimas","article_published_time":"2022-02-10T11:37:13+00:00","article_modified_time":"2023-03-03T11:58:54+00:00","og_image":[{"width":730,"height":375,"url":"https:\/\/www.ortopediamimas.com\/blog-de-ortopedia\/wp-content\/uploads\/2022\/02\/portada-post-cancer-infantil.jpg","type":"image\/jpeg"}],"author":"Cristina Oliva","twitter_card":"summary_large_image","twitter_creator":"@ortopediamimas","twitter_site":"@ortopediamimas","twitter_misc":{"Escrito por":"Cristina Oliva","Tiempo de lectura":"4 minutos"},"schema":{"@context":"https:\/\/schema.org","@graph":[{"@type":"Article","@id":"https:\/\/www.ortopediamimas.com\/blog-de-ortopedia\/dia-internacional-del-cancer-infantil\/#article","isPartOf":{"@id":"https:\/\/www.ortopediamimas.com\/blog-de-ortopedia\/dia-internacional-del-cancer-infantil\/"},"author":{"name":"Cristina Oliva","@id":"https:\/\/www.ortopediamimas.com\/blog-de-ortopedia\/#\/schema\/person\/4c3e1a1b9ea6c76a0fd18da2be991300"},"headline":"15 de febrero, D\u00eda Internacional del C\u00e1ncer Infantil","datePublished":"2022-02-10T11:37:13+00:00","dateModified":"2023-03-03T11:58:54+00:00","mainEntityOfPage":{"@id":"https:\/\/www.ortopediamimas.com\/blog-de-ortopedia\/dia-internacional-del-cancer-infantil\/"},"wordCount":801,"commentCount":0,"publisher":{"@id":"https:\/\/www.ortopediamimas.com\/blog-de-ortopedia\/#organization"},"image":{"@id":"https:\/\/www.ortopediamimas.com\/blog-de-ortopedia\/dia-internacional-del-cancer-infantil\/#primaryimage"},"thumbnailUrl":"https:\/\/www.ortopediamimas.com\/blog-de-ortopedia\/wp-content\/uploads\/2022\/02\/portada-post-cancer-infantil.jpg","articleSection":["Ortopedia Online"],"inLanguage":"es","potentialAction":[{"@type":"CommentAction","name":"Comment","target":["https:\/\/www.ortopediamimas.com\/blog-de-ortopedia\/dia-internacional-del-cancer-infantil\/#respond"]}]},{"@type":"WebPage","@id":"https:\/\/www.ortopediamimas.com\/blog-de-ortopedia\/dia-internacional-del-cancer-infantil\/","url":"https:\/\/www.ortopediamimas.com\/blog-de-ortopedia\/dia-internacional-del-cancer-infantil\/","name":"15 de febrero, D\u00eda Internacional del C\u00e1ncer Infantil - Blog de Ortopedia Mimas","isPartOf":{"@id":"https:\/\/www.ortopediamimas.com\/blog-de-ortopedia\/#website"},"primaryImageOfPage":{"@id":"https:\/\/www.ortopediamimas.com\/blog-de-ortopedia\/dia-internacional-del-cancer-infantil\/#primaryimage"},"image":{"@id":"https:\/\/www.ortopediamimas.com\/blog-de-ortopedia\/dia-internacional-del-cancer-infantil\/#primaryimage"},"thumbnailUrl":"https:\/\/www.ortopediamimas.com\/blog-de-ortopedia\/wp-content\/uploads\/2022\/02\/portada-post-cancer-infantil.jpg","datePublished":"2022-02-10T11:37:13+00:00","dateModified":"2023-03-03T11:58:54+00:00","description":"En Este D\u00eda Internacional Del C\u00e1ncer Infantil Queremos Informar Y Visibilizar Sobre Una Enfermedad Que Nos Afecta A Todos.","breadcrumb":{"@id":"https:\/\/www.ortopediamimas.com\/blog-de-ortopedia\/dia-internacional-del-cancer-infantil\/#breadcrumb"},"inLanguage":"es","potentialAction":[{"@type":"ReadAction","target":["https:\/\/www.ortopediamimas.com\/blog-de-ortopedia\/dia-internacional-del-cancer-infantil\/"]}]},{"@type":"ImageObject","inLanguage":"es","@id":"https:\/\/www.ortopediamimas.com\/blog-de-ortopedia\/dia-internacional-del-cancer-infantil\/#primaryimage","url":"https:\/\/www.ortopediamimas.com\/blog-de-ortopedia\/wp-content\/uploads\/2022\/02\/portada-post-cancer-infantil.jpg","contentUrl":"https:\/\/www.ortopediamimas.com\/blog-de-ortopedia\/wp-content\/uploads\/2022\/02\/portada-post-cancer-infantil.jpg","width":730,"height":375,"caption":"D\u00eda Internacional Del C\u00e1ncer Infantil"},{"@type":"BreadcrumbList","@id":"https:\/\/www.ortopediamimas.com\/blog-de-ortopedia\/dia-internacional-del-cancer-infantil\/#breadcrumb","itemListElement":[{"@type":"ListItem","position":1,"name":"Blog de Ortopedia Mimas","item":"https:\/\/www.ortopediamimas.com\/blog-de-ortopedia\/"},{"@type":"ListItem","position":2,"name":"15 de febrero, D\u00eda Internacional del C\u00e1ncer Infantil"}]},{"@type":"WebSite","@id":"https:\/\/www.ortopediamimas.com\/blog-de-ortopedia\/#website","url":"https:\/\/www.ortopediamimas.com\/blog-de-ortopedia\/","name":"Blog de Ortopedia Mimas","description":"En blog de nuestra ortopedia online intentaremos ayudar en todo lo relacionado con nuestro productos y sus usos","publisher":{"@id":"https:\/\/www.ortopediamimas.com\/blog-de-ortopedia\/#organization"},"potentialAction":[{"@type":"SearchAction","target":{"@type":"EntryPoint","urlTemplate":"https:\/\/www.ortopediamimas.com\/blog-de-ortopedia\/?s={search_term_string}"},"query-input":{"@type":"PropertyValueSpecification","valueRequired":true,"valueName":"search_term_string"}}],"inLanguage":"es"},{"@type":"Organization","@id":"https:\/\/www.ortopediamimas.com\/blog-de-ortopedia\/#organization","name":"OrtopediaMimas","url":"https:\/\/www.ortopediamimas.com\/blog-de-ortopedia\/","logo":{"@type":"ImageObject","inLanguage":"es","@id":"https:\/\/www.ortopediamimas.com\/blog-de-ortopedia\/#\/schema\/logo\/image\/","url":"https:\/\/www.ortopediamimas.com\/blog-de-ortopedia\/wp-content\/uploads\/2019\/07\/logo-vertical-1.png","contentUrl":"https:\/\/www.ortopediamimas.com\/blog-de-ortopedia\/wp-content\/uploads\/2019\/07\/logo-vertical-1.png","width":500,"height":500,"caption":"OrtopediaMimas"},"image":{"@id":"https:\/\/www.ortopediamimas.com\/blog-de-ortopedia\/#\/schema\/logo\/image\/"},"sameAs":["https:\/\/www.facebook.com\/ortopediamimas","https:\/\/x.com\/ortopediamimas","https:\/\/www.instagram.com\/ortopediamimas\/?hl=es","https:\/\/www.pinterest.es\/grupomimas\/","https:\/\/www.youtube.com\/user\/Ortopediamimas"]},{"@type":"Person","@id":"https:\/\/www.ortopediamimas.com\/blog-de-ortopedia\/#\/schema\/person\/4c3e1a1b9ea6c76a0fd18da2be991300","name":"Cristina Oliva","description":"Redactora de contenidos especializada en bienestar y ortopedia con 7 a\u00f1os de experiencia en el sector.","sameAs":["https:\/\/www.ortopediamimas.com"]}]}},"authors":[{"term_id":661,"user_id":26,"is_guest":0,"slug":"cristina-oliva","display_name":"Cristina Oliva","avatar_url":{"url":"https:\/\/www.ortopediamimas.com\/blog-de-ortopedia\/wp-content\/uploads\/2025\/05\/crisoliva.png","url2x":"https:\/\/www.ortopediamimas.com\/blog-de-ortopedia\/wp-content\/uploads\/2025\/05\/crisoliva.png"},"0":null,"1":"","2":"","3":"","4":"","5":"","6":"","7":"","8":""}],"_links":{"self":[{"href":"https:\/\/www.ortopediamimas.com\/blog-de-ortopedia\/wp-json\/wp\/v2\/posts\/5702","targetHints":{"allow":["GET"]}}],"collection":[{"href":"https:\/\/www.ortopediamimas.com\/blog-de-ortopedia\/wp-json\/wp\/v2\/posts"}],"about":[{"href":"https:\/\/www.ortopediamimas.com\/blog-de-ortopedia\/wp-json\/wp\/v2\/types\/post"}],"author":[{"embeddable":true,"href":"https:\/\/www.ortopediamimas.com\/blog-de-ortopedia\/wp-json\/wp\/v2\/users\/26"}],"replies":[{"embeddable":true,"href":"https:\/\/www.ortopediamimas.com\/blog-de-ortopedia\/wp-json\/wp\/v2\/comments?post=5702"}],"version-history":[{"count":5,"href":"https:\/\/www.ortopediamimas.com\/blog-de-ortopedia\/wp-json\/wp\/v2\/posts\/5702\/revisions"}],"predecessor-version":[{"id":6989,"href":"https:\/\/www.ortopediamimas.com\/blog-de-ortopedia\/wp-json\/wp\/v2\/posts\/5702\/revisions\/6989"}],"wp:featuredmedia":[{"embeddable":true,"href":"https:\/\/www.ortopediamimas.com\/blog-de-ortopedia\/wp-json\/wp\/v2\/media\/5705"}],"wp:attachment":[{"href":"https:\/\/www.ortopediamimas.com\/blog-de-ortopedia\/wp-json\/wp\/v2\/media?parent=5702"}],"wp:term":[{"taxonomy":"category","embeddable":true,"href":"https:\/\/www.ortopediamimas.com\/blog-de-ortopedia\/wp-json\/wp\/v2\/categories?post=5702"},{"taxonomy":"post_tag","embeddable":true,"href":"https:\/\/www.ortopediamimas.com\/blog-de-ortopedia\/wp-json\/wp\/v2\/tags?post=5702"},{"taxonomy":"author","embeddable":true,"href":"https:\/\/www.ortopediamimas.com\/blog-de-ortopedia\/wp-json\/wp\/v2\/ppma_author?post=5702"}],"curies":[{"name":"wp","href":"https:\/\/api.w.org\/{rel}","templated":true}]}}